{"id":1442,"date":"2022-09-09T15:19:16","date_gmt":"2022-09-09T18:19:16","guid":{"rendered":"https:\/\/tandemsd.com\/?p=1442"},"modified":"2023-10-27T16:15:04","modified_gmt":"2023-10-27T19:15:04","slug":"agilidad-organizacional-la-habilidad-del-nuevo-ceo","status":"publish","type":"post","link":"https:\/\/tandemsd.com\/es\/agilidad-organizacional-la-habilidad-del-nuevo-ceo\/","title":{"rendered":"Agilidad organizacional, la habilidad del nuevo CEO"},"content":{"rendered":"\n<div class=\"wp-block-cover alignfull is-light has-parallax\" style=\"padding-top:var(--wp--preset--spacing--20);padding-right:var(--wp--preset--spacing--20);padding-bottom:var(--wp--preset--spacing--20);padding-left:var(--wp--preset--spacing--20);min-height:430px;aspect-ratio:unset;\"><span aria-hidden=\"true\" class=\"wp-block-cover__background has-background-dim\"><\/span><div role=\"img\" class=\"wp-block-cover__image-background wp-image-2947 has-parallax lazyload\" style=\"background-position:50% 50%;background-image:inherit\" data-bg-image=\"url(https:\/\/tandemsd.com\/wp-content\/uploads\/Agilidad-organizacional-la-habilidad-del-nuevo-CEO-1.jpg)\"><\/div><div class=\"wp-block-cover__inner-container is-layout-flow wp-block-cover-is-layout-flow\">\n<p class=\"has-text-align-center has-large-font-size\">Agilidad organizacional, la habilidad del nuevo CEO<\/p>\n<\/div><\/div>\n\n\n\n<p style=\"margin-top:var(--wp--preset--spacing--50)\">Transcripci\u00f3n del art\u00edculo publicado en&nbsp;<strong>el Diario Expansi\u00f3n<\/strong><br>Ver nota completa en el medio:&nbsp;<a href=\"https:\/\/bit.ly\/3jLMhf2\" target=\"_blank\" rel=\"noreferrer noopener\">https:\/\/bit.ly\/3jLMhf2<\/a>&nbsp;<\/p>\n\n\n\n<p><strong>Las organizaciones hoy deben entrenar la fuerza, la resistencia y la flexibilidad.&nbsp;<\/strong><\/p>\n\n\n\n<p>En los a\u00f1os 80, el Banco Santander era una m\u00e1s entre las entidades financieras espa\u00f1olas. A lo largo de los siguientes veinte a\u00f1os, la entidad llevar\u00eda a cabo una estrategia de internacionalizaci\u00f3n que la ha llevado a su posici\u00f3n actual, entre los quince bancos m\u00e1s importantes del mundo en capitalizaci\u00f3n burs\u00e1til, beneficios y red de distribuci\u00f3n. Este crecimiento vertiginoso no hubiera sido posible si no hubiera tenido muy bien definida la capacidad de identificar oportunidades, vincularlas con sus capacidades internas y transformarlas en negocio, y todo ello r\u00e1pidamente. O lo que es lo mismo, si no hubiera promovido en su estructura la agilidad organizacional, una capacidad fundamental para las organizaciones y los directivos del siglo XXI, que se enfrentan a entornos m\u00e1s inciertos, vol\u00e1tiles, complejos y ambiguos que nunca.<\/p>\n\n\n\n<p>La agilidad, de la que tanto se ha hablado en escuelas de negocios en los \u00faltimos a\u00f1os no consiste s\u00f3lo en saber jugar con reglas diferentes que cambian todo el tiempo. Sino en aprender a jugar a un juego muy distinto, en el que ya no nos sirve definir estrategias a tres a\u00f1os y esperar a que se cumplan los plazos. Hoy nos movemos con plazos mucho m\u00e1s cortos, que van actualiz\u00e1ndose permanentemente, y que nos llevan a trabajar con la experimentaci\u00f3n, con versiones beta, que nos ayudan a entender muy bien qu\u00e9 quieren nuestros clientes y a testearlo antes de dise\u00f1ar el resto de nuestra estrategia empresarial.<\/p>\n\n\n\n<p>Para que sea exitosa, la agilidad de una organizaci\u00f3n debe trabajarse en tres niveles diferentes. La agilidad estrat\u00e9gica, que implica estar preparados para capturar las grandes oportunidades cuando \u00e9stas se presentan. El Santander la demostr\u00f3 al apostar en plena crisis a Am\u00e9rica Latina, lo que le permiti\u00f3 expandirse por el continente a ocho pa\u00edses m\u00e1s en tiempo r\u00e9cord. La agilidad de portfolio, que nos permita sacar recursos de lugares menos rentables y reasignarlos all\u00e1 donde m\u00e1s se necesiten de manera veloz. Es algo que grandes compa\u00f1\u00edas de consumo, como Procter &amp; Gamble o L\u2019Oreal han hecho durante la pandemia, modificando su selecci\u00f3n de productos para responder a la situaci\u00f3n espec\u00edfica de sus clientes. Y, por \u00faltimo, la agilidad operativa, vinculada a la manera en la que manejo mi negocio tradicional. Inditex, con sus colecciones&nbsp;<em>just in time<\/em>, que recogen y producen las tendencias de moda del momento, es una de las compa\u00f1\u00edas que m\u00e1s sabe de este nivel de agilidad.<\/p>\n\n\n\n<p>El alto rendimiento para un velocista depende de explosiones de velocidad y fuerza. Los corredores de larga distancia, por el contrario, requieren administrar la energ\u00eda por per\u00edodos m\u00e1s largos para poder continuar corriendo cuando los dem\u00e1s se cansan. Los triatletas necesitan tener los dos atributos. Es m\u00e1s, precisan tener la habilidad para reaccionar r\u00e1pido a las demandas cambiantes de nadar, montar en bicicleta y correr con resultados \u00f3ptimos. De manera an\u00e1loga, las organizaciones \u00e1giles necesitan desarrollar los m\u00fasculos que les permitan obtener rendimientos en diferentes tipos de actividades. Tienen que poder llevar su negocio principal de manera extraordinaria en \u00e9pocas dif\u00edciles mientras en simult\u00e1neo est\u00e1n cambiando a diferentes tipos de portfolios para superar a la competencia en zonas adyacentes.<\/p>\n\n\n\n<p>Para lograrlo, las organizaciones hoy deben entrenar la fuerza, la resistencia y la flexibilidad, para darle al bot\u00f3n de cambio muy r\u00e1pidamente entre una disciplina deportiva y la siguiente. Algo de lo que sabe mucho el pentacampe\u00f3n espa\u00f1ol Javier G\u00f3mez Moya, quien con 38 a\u00f1os participar\u00e1 en sus terceros Juegos Ol\u00edmpicos sabiendo que la capacidad de adaptarse a las condiciones clim\u00e1ticas e improvisar ser\u00e1&nbsp;clave.<\/p>\n\n\n\n<p>Ser \u00e1gil no es para todos ni para todas las empresas ni en todos los momentos. Entrenarse para lograrlo es m\u00e1s caro que no serlo. Pero tambi\u00e9n es m\u00e1s rentable y nos prepara para afrontar periodos de incertidumbre como el que acabamos de atravesar con la pandemia.<\/p>\n\n\n\n<p>Aquellos que quieran intentarlo deber\u00e1n desarrollar al menos cuatro capacidades principales: la curiosidad para explorar m\u00e1s all\u00e1 de su entorno inmediato; la rapidez en la toma de decisiones (que requiere de culturas corporativas que involucren a la gente y la empoderen), la ejecuci\u00f3n flexible, que es capaz de modificarse seg\u00fan va evolucionando; y por \u00faltimo, la humildad para reconocer la incertidumbre y prepararse para los posibles escenarios.<\/p>\n\n\n\n<p>Se ha hablado mucho de la humildad y del aprendizaje del fracaso, pero yo creo que es muy interesante tambi\u00e9n extraer aprendizajes del \u00e9xito. Es decir, no creernos unos genios cuando lo alcanzamos, porque estaremos obviando una lecci\u00f3n muy valiosa. Necesitamos evitar el famoso sesgo de atribuci\u00f3n que hace que creamos que cuando sacamos una buena nota es por m\u00e9rito personal, pero cuando es mala, la culpa es del profesor. Se trata de preguntarse siempre si nos podr\u00eda haber ido mejor, para as\u00ed poder estar en un modo de aprendizaje constante. Ya lo dijo S\u00f3crates en el siglo V a. C., \u201cS\u00f3lo s\u00e9 que no s\u00e9 nada\u201d. La democratizaci\u00f3n del conocimiento propiciada por internet, se lo hubiera puesto mucho m\u00e1s f\u00e1cil al fil\u00f3sofo griego.<\/p>\n  <div class=\"related-post grid\">\r\n        <div class=\"headline\">Art\u00edculos Relacionados<\/div>\r\n    <div class=\"post-list \">\r\n\r\n            <div class=\"item\">\r\n          \r\n  <a class=\"title post_title\"  title=\"Estrategia para el desayuno: \u00bfc\u00f3mo asegurar que una estrategia se transforme en acci\u00f3n y en resultados?\" href=\"https:\/\/tandemsd.com\/es\/estrategia-para-el-desayuno-como-asegurar-que-una-estrategia-se-transforme-en-accion-y-en-resultados\/\">\r\n        Estrategia para el desayuno: \u00bfc\u00f3mo asegurar que una estrategia se transforme en acci\u00f3n y en resultados?  <\/a>\r\n\r\n  <p class=\"excerpt post_excerpt\">\r\n    Uno de los m\u00e1ximos desaf\u00edos de los ejecutivos est\u00e1 vinculado a c\u00f3mo hacer para que una nueva estrategia se impregne en la organizaci\u00f3n, sea incorporada de manera simple por la <a class=\"read-more\" href=\"https:\/\/tandemsd.com\/es\/estrategia-para-el-desayuno-como-asegurar-que-una-estrategia-se-transforme-en-accion-y-en-resultados\/\"> \u00bb<\/a>  <\/p>\r\n        <\/div>\r\n              <div class=\"item\">\r\n          \r\n  <a class=\"title post_title\"  title=\"Las decisiones antes que el c\u00f3digo (o c\u00f3mo despertar de la matrix)\" href=\"https:\/\/tandemsd.com\/es\/las-decisiones-antes-que-el-codigo\/\">\r\n        Las decisiones antes que el c\u00f3digo (o c\u00f3mo despertar de la matrix)  <\/a>\r\n\r\n  <p class=\"excerpt post_excerpt\">\r\n    El acceso a la informaci\u00f3n y la capacidad computacional para procesarla deslumbra a las empresas. Sin embargo, para aprovechar su potencial en los negocios es clave entender por d\u00f3nde empezar, <a class=\"read-more\" href=\"https:\/\/tandemsd.com\/es\/las-decisiones-antes-que-el-codigo\/\"> \u00bb<\/a>  <\/p>\r\n        <\/div>\r\n      \r\n  <\/div>\r\n\r\n  <script>\r\n      <\/script>\r\n  <style>\r\n    .related-post {}\r\n\r\n    .related-post .post-list {\r\n      text-align: left;\r\n          }\r\n\r\n    .related-post .post-list .item {\r\n      margin: 10px;\r\n      padding: 0px;\r\n          }\r\n\r\n    .related-post .headline {\r\n      font-size: 24px !important;\r\n      color: #ff6e2e !important;\r\n          }\r\n\r\n    .related-post .post-list .item .post_thumb {\r\n      max-height: 220px;\r\n      margin: 10px 0px;\r\n      padding: 0px;\r\n      display: block;\r\n          }\r\n\r\n    .related-post .post-list .item .post_title {\r\n      font-size: 18px;\r\n      color: #006dda;\r\n      margin: 10px 0px;\r\n      padding: 0px;\r\n      display: block;\r\n      text-decoration: none;\r\n          }\r\n\r\n    .related-post .post-list .item .post_excerpt {\r\n      font-size: 15px;\r\n      color: #1f175a;\r\n      margin: 10px 0px;\r\n      padding: 0px;\r\n      display: block;\r\n      text-decoration: none;\r\n          }\r\n\r\n    @media only screen and (min-width: 1024px) {\r\n      .related-post .post-list .item {\r\n        width: 45%;\r\n      }\r\n    }\r\n\r\n    @media only screen and (min-width: 768px) and (max-width: 1023px) {\r\n      .related-post .post-list .item {\r\n        width: 90%;\r\n      }\r\n    }\r\n\r\n    @media only screen and (min-width: 0px) and (max-width: 767px) {\r\n      .related-post .post-list .item {\r\n        width: 90%;\r\n      }\r\n    }\r\n\r\n      <\/style>\r\n    <\/div>\r\n","protected":false},"excerpt":{"rendered":"<p>Transcripci\u00f3n del art\u00edculo publicado en el Diario Expansi\u00f3n<br \/>\nVer nota completa en el medio: https:\/\/bit.ly\/3jLMhf2 <\/p>\n  <div class=\"related-post grid\">\r\n        <div class=\"headline\">Art\u00edculos Relacionados<\/div>\r\n    <div class=\"post-list \">\r\n\r\n            <div class=\"item\">\r\n          \r\n  <a class=\"title post_title\"  title=\"Estrategia para el desayuno: \u00bfc\u00f3mo asegurar que una estrategia se transforme en acci\u00f3n y en resultados?\" href=\"https:\/\/tandemsd.com\/es\/estrategia-para-el-desayuno-como-asegurar-que-una-estrategia-se-transforme-en-accion-y-en-resultados\/\">\r\n        Estrategia para el desayuno: \u00bfc\u00f3mo asegurar que una estrategia se transforme en acci\u00f3n y en resultados?  <\/a>\r\n\r\n  <p class=\"excerpt post_excerpt\">\r\n    Uno de los m\u00e1ximos desaf\u00edos de los ejecutivos est\u00e1 vinculado a c\u00f3mo hacer para que una nueva estrategia se impregne en la organizaci\u00f3n, sea incorporada de manera simple por la <a class=\"read-more\" href=\"https:\/\/tandemsd.com\/es\/estrategia-para-el-desayuno-como-asegurar-que-una-estrategia-se-transforme-en-accion-y-en-resultados\/\"> \u00bb<\/a>  <\/p>\r\n        <\/div>\r\n              <div class=\"item\">\r\n          \r\n  <a class=\"title post_title\"  title=\"C\u00f3mo dise\u00f1ar organizaciones en las que se decida bien\" href=\"https:\/\/tandemsd.com\/es\/como-disenar-organizaciones-en-las-que-se-decida-bien\/\">\r\n        C\u00f3mo dise\u00f1ar organizaciones en las que se decida bien  <\/a>\r\n\r\n  <p class=\"excerpt post_excerpt\">\r\n    Las empresas son el resultado de las decisiones que toman. Es por esto por lo que revisar la forma en que se decide en una organizaci\u00f3n, resulta cr\u00edtico para lograr <a class=\"read-more\" href=\"https:\/\/tandemsd.com\/es\/como-disenar-organizaciones-en-las-que-se-decida-bien\/\"> \u00bb<\/a>  <\/p>\r\n        <\/div>\r\n      \r\n  <\/div>\r\n\r\n  <script>\r\n      <\/script>\r\n  <style>\r\n    .related-post {}\r\n\r\n    .related-post .post-list {\r\n      text-align: left;\r\n          }\r\n\r\n    .related-post .post-list .item {\r\n      margin: 10px;\r\n      padding: 0px;\r\n          }\r\n\r\n    .related-post .headline {\r\n      font-size: 24px !important;\r\n      color: #ff6e2e !important;\r\n          }\r\n\r\n    .related-post .post-list .item .post_thumb {\r\n      max-height: 220px;\r\n      margin: 10px 0px;\r\n      padding: 0px;\r\n      display: block;\r\n          }\r\n\r\n    .related-post .post-list .item .post_title {\r\n      font-size: 18px;\r\n      color: #006dda;\r\n      margin: 10px 0px;\r\n      padding: 0px;\r\n      display: block;\r\n      text-decoration: none;\r\n          }\r\n\r\n    .related-post .post-list .item .post_excerpt {\r\n      font-size: 15px;\r\n      color: #1f175a;\r\n      margin: 10px 0px;\r\n      padding: 0px;\r\n      display: block;\r\n      text-decoration: none;\r\n          }\r\n\r\n    @media only screen and (min-width: 1024px) {\r\n      .related-post .post-list .item {\r\n        width: 45%;\r\n      }\r\n    }\r\n\r\n    @media only screen and (min-width: 768px) and (max-width: 1023px) {\r\n      .related-post .post-list .item {\r\n        width: 90%;\r\n      }\r\n    }\r\n\r\n    @media only screen and (min-width: 0px) and (max-width: 767px) {\r\n      .related-post .post-list .item {\r\n        width: 90%;\r\n      }\r\n    }\r\n\r\n      <\/style>\r\n    <\/div>\r\n","protected":false},"author":1,"featured_media":2947,"comment_status":"closed","ping_status":"closed","sticky":false,"template":"","format":"standard","meta":{"_uag_custom_page_level_css":"","advgb_blocks_editor_width":"","advgb_blocks_columns_visual_guide":"","site-sidebar-layout":"default","site-content-layout":"","ast-site-content-layout":"","site-content-style":"default","site-sidebar-style":"default","ast-global-header-display":"","ast-banner-title-visibility":"","ast-main-header-display":"","ast-hfb-above-header-display":"","ast-hfb-below-header-display":"","ast-hfb-mobile-header-display":"","site-post-title":"","ast-breadcrumbs-content":"","ast-featured-img":"","footer-sml-layout":"","theme-transparent-header-meta":"","adv-header-id-meta":"","stick-header-meta":"","header-above-stick-meta":"","header-main-stick-meta":"","header-below-stick-meta":"","astra-migrate-meta-layouts":"default","ast-page-background-enabled":"default","ast-page-background-meta":{"desktop":{"background-color":"var(--ast-global-color-4)","background-image":"","background-repeat":"repeat","background-position":"center center","background-size":"auto","background-attachment":"scroll","background-type":"","background-media":"","overlay-type":"","overlay-color":"","overlay-opacity":"","overlay-gradient":""},"tablet":{"background-color":"","background-image":"","background-repeat":"repeat","background-position":"center center","background-size":"auto","background-attachment":"scroll","background-type":"","background-media":"","overlay-type":"","overlay-color":"","overlay-opacity":"","overlay-gradient":""},"mobile":{"background-color":"","background-image":"","background-repeat":"repeat","background-position":"center center","background-size":"auto","background-attachment":"scroll","background-type":"","background-media":"","overlay-type":"","overlay-color":"","overlay-opacity":"","overlay-gradient":""}},"ast-content-background-meta":{"desktop":{"background-color":"var(--ast-global-color-5)","background-image":"","background-repeat":"repeat","background-position":"center center","background-size":"auto","background-attachment":"scroll","background-type":"","background-media":"","overlay-type":"","overlay-color":"","overlay-opacity":"","overlay-gradient":""},"tablet":{"background-color":"var(--ast-global-color-5)","background-image":"","background-repeat":"repeat","background-position":"center center","background-size":"auto","background-attachment":"scroll","background-type":"","background-media":"","overlay-type":"","overlay-color":"","overlay-opacity":"","overlay-gradient":""},"mobile":{"background-color":"var(--ast-global-color-5)","background-image":"","background-repeat":"repeat","background-position":"center center","background-size":"auto","background-attachment":"scroll","background-type":"","background-media":"","overlay-type":"","overlay-color":"","overlay-opacity":"","overlay-gradient":""}},"footnotes":""},"categories":[23,73],"tags":[63],"class_list":["post-1442","post","type-post","status-publish","format-standard","has-post-thumbnail","hentry","category-insights-es","category-prensa","tag-prensa"],"yoast_head":"<!-- This site is optimized with the Yoast SEO plugin v24.3 - https:\/\/yoast.com\/wordpress\/plugins\/seo\/ -->\n<title>Agilidad organizacional, la habilidad del nuevo CEO -<\/title>\n<meta name=\"description\" content=\"Transcripci\u00f3n del art\u00edculo publicado en el Diario Expansi\u00f3n Ver nota completa en el medio: https:\/\/bit.ly\/3jLMhf2\" \/>\n<meta name=\"robots\" content=\"index, follow, max-snippet:-1, max-image-preview:large, max-video-preview:-1\" \/>\n<link rel=\"canonical\" href=\"https:\/\/tandemsd.com\/es\/agilidad-organizacional-la-habilidad-del-nuevo-ceo\/\" \/>\n<meta property=\"og:locale\" content=\"es_ES\" \/>\n<meta property=\"og:type\" content=\"article\" \/>\n<meta property=\"og:title\" content=\"Agilidad organizacional, la habilidad del nuevo CEO -\" \/>\n<meta property=\"og:description\" content=\"Transcripci\u00f3n del art\u00edculo publicado en el Diario Expansi\u00f3n Ver nota completa en el medio: https:\/\/bit.ly\/3jLMhf2\" \/>\n<meta property=\"og:url\" content=\"https:\/\/tandemsd.com\/es\/agilidad-organizacional-la-habilidad-del-nuevo-ceo\/\" \/>\n<meta property=\"og:site_name\" content=\"Tandem Boosting Decisions\" \/>\n<meta property=\"article:published_time\" content=\"2022-09-09T18:19:16+00:00\" \/>\n<meta property=\"article:modified_time\" content=\"2023-10-27T19:15:04+00:00\" \/>\n<meta property=\"og:image\" content=\"https:\/\/tandemsd.com\/wp-content\/uploads\/Agilidad-organizacional-la-habilidad-del-nuevo-CEO-1.jpg\" \/>\n\t<meta property=\"og:image:width\" content=\"1198\" \/>\n\t<meta property=\"og:image:height\" content=\"726\" \/>\n\t<meta property=\"og:image:type\" content=\"image\/jpeg\" \/>\n<meta name=\"author\" content=\"adminflux\" \/>\n<meta name=\"twitter:card\" content=\"summary_large_image\" \/>\n<meta name=\"twitter:creator\" content=\"@TandemSD\" \/>\n<meta name=\"twitter:site\" content=\"@TandemSD\" \/>\n<meta name=\"twitter:label1\" content=\"Escrito por\" \/>\n\t<meta name=\"twitter:data1\" content=\"adminflux\" \/>\n\t<meta name=\"twitter:label2\" content=\"Tiempo de lectura\" \/>\n\t<meta name=\"twitter:data2\" content=\"4 minutos\" \/>\n<script type=\"application\/ld+json\" class=\"yoast-schema-graph\">{\"@context\":\"https:\/\/schema.org\",\"@graph\":[{\"@type\":\"Article\",\"@id\":\"https:\/\/tandemsd.com\/es\/agilidad-organizacional-la-habilidad-del-nuevo-ceo\/#article\",\"isPartOf\":{\"@id\":\"https:\/\/tandemsd.com\/es\/agilidad-organizacional-la-habilidad-del-nuevo-ceo\/\"},\"author\":{\"name\":\"adminflux\",\"@id\":\"https:\/\/tandemsd.com\/es\/#\/schema\/person\/5bab607b668cb51b679a549f344137ef\"},\"headline\":\"Agilidad organizacional, la habilidad del nuevo CEO\",\"datePublished\":\"2022-09-09T18:19:16+00:00\",\"dateModified\":\"2023-10-27T19:15:04+00:00\",\"mainEntityOfPage\":{\"@id\":\"https:\/\/tandemsd.com\/es\/agilidad-organizacional-la-habilidad-del-nuevo-ceo\/\"},\"wordCount\":942,\"publisher\":{\"@id\":\"https:\/\/tandemsd.com\/es\/#organization\"},\"image\":{\"@id\":\"https:\/\/tandemsd.com\/es\/agilidad-organizacional-la-habilidad-del-nuevo-ceo\/#primaryimage\"},\"thumbnailUrl\":\"https:\/\/tandemsd.com\/wp-content\/uploads\/Agilidad-organizacional-la-habilidad-del-nuevo-CEO-1.jpg\",\"keywords\":[\"Prensa\"],\"articleSection\":[\"Insights\",\"Prensa\"],\"inLanguage\":\"es\"},{\"@type\":\"WebPage\",\"@id\":\"https:\/\/tandemsd.com\/es\/agilidad-organizacional-la-habilidad-del-nuevo-ceo\/\",\"url\":\"https:\/\/tandemsd.com\/es\/agilidad-organizacional-la-habilidad-del-nuevo-ceo\/\",\"name\":\"Agilidad organizacional, la habilidad del nuevo CEO -\",\"isPartOf\":{\"@id\":\"https:\/\/tandemsd.com\/es\/#website\"},\"primaryImageOfPage\":{\"@id\":\"https:\/\/tandemsd.com\/es\/agilidad-organizacional-la-habilidad-del-nuevo-ceo\/#primaryimage\"},\"image\":{\"@id\":\"https:\/\/tandemsd.com\/es\/agilidad-organizacional-la-habilidad-del-nuevo-ceo\/#primaryimage\"},\"thumbnailUrl\":\"https:\/\/tandemsd.com\/wp-content\/uploads\/Agilidad-organizacional-la-habilidad-del-nuevo-CEO-1.jpg\",\"datePublished\":\"2022-09-09T18:19:16+00:00\",\"dateModified\":\"2023-10-27T19:15:04+00:00\",\"description\":\"Transcripci\u00f3n del art\u00edculo publicado en el Diario Expansi\u00f3n Ver nota completa en el medio: https:\/\/bit.ly\/3jLMhf2\",\"breadcrumb\":{\"@id\":\"https:\/\/tandemsd.com\/es\/agilidad-organizacional-la-habilidad-del-nuevo-ceo\/#breadcrumb\"},\"inLanguage\":\"es\",\"potentialAction\":[{\"@type\":\"ReadAction\",\"target\":[\"https:\/\/tandemsd.com\/es\/agilidad-organizacional-la-habilidad-del-nuevo-ceo\/\"]}]},{\"@type\":\"ImageObject\",\"inLanguage\":\"es\",\"@id\":\"https:\/\/tandemsd.com\/es\/agilidad-organizacional-la-habilidad-del-nuevo-ceo\/#primaryimage\",\"url\":\"https:\/\/tandemsd.com\/wp-content\/uploads\/Agilidad-organizacional-la-habilidad-del-nuevo-CEO-1.jpg\",\"contentUrl\":\"https:\/\/tandemsd.com\/wp-content\/uploads\/Agilidad-organizacional-la-habilidad-del-nuevo-CEO-1.jpg\",\"width\":1198,\"height\":726},{\"@type\":\"BreadcrumbList\",\"@id\":\"https:\/\/tandemsd.com\/es\/agilidad-organizacional-la-habilidad-del-nuevo-ceo\/#breadcrumb\",\"itemListElement\":[{\"@type\":\"ListItem\",\"position\":1,\"name\":\"Inicio\",\"item\":\"https:\/\/tandemsd.com\/es\/\"},{\"@type\":\"ListItem\",\"position\":2,\"name\":\"Agilidad organizacional, la habilidad del nuevo CEO\"}]},{\"@type\":\"WebSite\",\"@id\":\"https:\/\/tandemsd.com\/es\/#website\",\"url\":\"https:\/\/tandemsd.com\/es\/\",\"name\":\"Tandem Boosting Decisions\",\"description\":\"Impacting on results\",\"publisher\":{\"@id\":\"https:\/\/tandemsd.com\/es\/#organization\"},\"potentialAction\":[{\"@type\":\"SearchAction\",\"target\":{\"@type\":\"EntryPoint\",\"urlTemplate\":\"https:\/\/tandemsd.com\/es\/?s={search_term_string}\"},\"query-input\":{\"@type\":\"PropertyValueSpecification\",\"valueRequired\":true,\"valueName\":\"search_term_string\"}}],\"inLanguage\":\"es\"},{\"@type\":\"Organization\",\"@id\":\"https:\/\/tandemsd.com\/es\/#organization\",\"name\":\"Tandem\",\"url\":\"https:\/\/tandemsd.com\/es\/\",\"logo\":{\"@type\":\"ImageObject\",\"inLanguage\":\"es\",\"@id\":\"https:\/\/tandemsd.com\/es\/#\/schema\/logo\/image\/\",\"url\":\"https:\/\/tandemsd.com\/wp-content\/uploads\/tandem.png\",\"contentUrl\":\"https:\/\/tandemsd.com\/wp-content\/uploads\/tandem.png\",\"width\":1190,\"height\":294,\"caption\":\"Tandem\"},\"image\":{\"@id\":\"https:\/\/tandemsd.com\/es\/#\/schema\/logo\/image\/\"},\"sameAs\":[\"https:\/\/x.com\/TandemSD\",\"https:\/\/www.linkedin.com\/company\/tandemsd\/\"]},{\"@type\":\"Person\",\"@id\":\"https:\/\/tandemsd.com\/es\/#\/schema\/person\/5bab607b668cb51b679a549f344137ef\",\"name\":\"adminflux\",\"image\":{\"@type\":\"ImageObject\",\"inLanguage\":\"es\",\"@id\":\"https:\/\/tandemsd.com\/es\/#\/schema\/person\/image\/\",\"url\":\"https:\/\/secure.gravatar.com\/avatar\/fe210c6390d40fad173c067dc11ab87e1ed642adef7d6ffb92faaf53fea926e6?s=96&d=mm&r=g\",\"contentUrl\":\"https:\/\/secure.gravatar.com\/avatar\/fe210c6390d40fad173c067dc11ab87e1ed642adef7d6ffb92faaf53fea926e6?s=96&d=mm&r=g\",\"caption\":\"adminflux\"},\"sameAs\":[\"https:\/\/tandemsd.com\"],\"url\":\"https:\/\/tandemsd.com\/es\/author\/adminflux\/\"}]}<\/script>\n<!-- \/ Yoast SEO plugin. -->","yoast_head_json":{"title":"Agilidad organizacional, la habilidad del nuevo CEO -","description":"Transcripci\u00f3n del art\u00edculo publicado en el Diario Expansi\u00f3n Ver nota completa en el medio: https:\/\/bit.ly\/3jLMhf2","robots":{"index":"index","follow":"follow","max-snippet":"max-snippet:-1","max-image-preview":"max-image-preview:large","max-video-preview":"max-video-preview:-1"},"canonical":"https:\/\/tandemsd.com\/es\/agilidad-organizacional-la-habilidad-del-nuevo-ceo\/","og_locale":"es_ES","og_type":"article","og_title":"Agilidad organizacional, la habilidad del nuevo CEO -","og_description":"Transcripci\u00f3n del art\u00edculo publicado en el Diario Expansi\u00f3n Ver nota completa en el medio: https:\/\/bit.ly\/3jLMhf2","og_url":"https:\/\/tandemsd.com\/es\/agilidad-organizacional-la-habilidad-del-nuevo-ceo\/","og_site_name":"Tandem Boosting Decisions","article_published_time":"2022-09-09T18:19:16+00:00","article_modified_time":"2023-10-27T19:15:04+00:00","og_image":[{"width":1198,"height":726,"url":"https:\/\/tandemsd.com\/wp-content\/uploads\/Agilidad-organizacional-la-habilidad-del-nuevo-CEO-1.jpg","type":"image\/jpeg"}],"author":"adminflux","twitter_card":"summary_large_image","twitter_creator":"@TandemSD","twitter_site":"@TandemSD","twitter_misc":{"Escrito por":"adminflux","Tiempo de lectura":"4 minutos"},"schema":{"@context":"https:\/\/schema.org","@graph":[{"@type":"Article","@id":"https:\/\/tandemsd.com\/es\/agilidad-organizacional-la-habilidad-del-nuevo-ceo\/#article","isPartOf":{"@id":"https:\/\/tandemsd.com\/es\/agilidad-organizacional-la-habilidad-del-nuevo-ceo\/"},"author":{"name":"adminflux","@id":"https:\/\/tandemsd.com\/es\/#\/schema\/person\/5bab607b668cb51b679a549f344137ef"},"headline":"Agilidad organizacional, la habilidad del nuevo CEO","datePublished":"2022-09-09T18:19:16+00:00","dateModified":"2023-10-27T19:15:04+00:00","mainEntityOfPage":{"@id":"https:\/\/tandemsd.com\/es\/agilidad-organizacional-la-habilidad-del-nuevo-ceo\/"},"wordCount":942,"publisher":{"@id":"https:\/\/tandemsd.com\/es\/#organization"},"image":{"@id":"https:\/\/tandemsd.com\/es\/agilidad-organizacional-la-habilidad-del-nuevo-ceo\/#primaryimage"},"thumbnailUrl":"https:\/\/tandemsd.com\/wp-content\/uploads\/Agilidad-organizacional-la-habilidad-del-nuevo-CEO-1.jpg","keywords":["Prensa"],"articleSection":["Insights","Prensa"],"inLanguage":"es"},{"@type":"WebPage","@id":"https:\/\/tandemsd.com\/es\/agilidad-organizacional-la-habilidad-del-nuevo-ceo\/","url":"https:\/\/tandemsd.com\/es\/agilidad-organizacional-la-habilidad-del-nuevo-ceo\/","name":"Agilidad organizacional, la habilidad del nuevo CEO -","isPartOf":{"@id":"https:\/\/tandemsd.com\/es\/#website"},"primaryImageOfPage":{"@id":"https:\/\/tandemsd.com\/es\/agilidad-organizacional-la-habilidad-del-nuevo-ceo\/#primaryimage"},"image":{"@id":"https:\/\/tandemsd.com\/es\/agilidad-organizacional-la-habilidad-del-nuevo-ceo\/#primaryimage"},"thumbnailUrl":"https:\/\/tandemsd.com\/wp-content\/uploads\/Agilidad-organizacional-la-habilidad-del-nuevo-CEO-1.jpg","datePublished":"2022-09-09T18:19:16+00:00","dateModified":"2023-10-27T19:15:04+00:00","description":"Transcripci\u00f3n del art\u00edculo publicado en el Diario Expansi\u00f3n Ver nota completa en el medio: https:\/\/bit.ly\/3jLMhf2","breadcrumb":{"@id":"https:\/\/tandemsd.com\/es\/agilidad-organizacional-la-habilidad-del-nuevo-ceo\/#breadcrumb"},"inLanguage":"es","potentialAction":[{"@type":"ReadAction","target":["https:\/\/tandemsd.com\/es\/agilidad-organizacional-la-habilidad-del-nuevo-ceo\/"]}]},{"@type":"ImageObject","inLanguage":"es","@id":"https:\/\/tandemsd.com\/es\/agilidad-organizacional-la-habilidad-del-nuevo-ceo\/#primaryimage","url":"https:\/\/tandemsd.com\/wp-content\/uploads\/Agilidad-organizacional-la-habilidad-del-nuevo-CEO-1.jpg","contentUrl":"https:\/\/tandemsd.com\/wp-content\/uploads\/Agilidad-organizacional-la-habilidad-del-nuevo-CEO-1.jpg","width":1198,"height":726},{"@type":"BreadcrumbList","@id":"https:\/\/tandemsd.com\/es\/agilidad-organizacional-la-habilidad-del-nuevo-ceo\/#breadcrumb","itemListElement":[{"@type":"ListItem","position":1,"name":"Inicio","item":"https:\/\/tandemsd.com\/es\/"},{"@type":"ListItem","position":2,"name":"Agilidad organizacional, la habilidad del nuevo CEO"}]},{"@type":"WebSite","@id":"https:\/\/tandemsd.com\/es\/#website","url":"https:\/\/tandemsd.com\/es\/","name":"Tandem Boosting Decisions","description":"Impacting on results","publisher":{"@id":"https:\/\/tandemsd.com\/es\/#organization"},"potentialAction":[{"@type":"SearchAction","target":{"@type":"EntryPoint","urlTemplate":"https:\/\/tandemsd.com\/es\/?s={search_term_string}"},"query-input":{"@type":"PropertyValueSpecification","valueRequired":true,"valueName":"search_term_string"}}],"inLanguage":"es"},{"@type":"Organization","@id":"https:\/\/tandemsd.com\/es\/#organization","name":"Tandem","url":"https:\/\/tandemsd.com\/es\/","logo":{"@type":"ImageObject","inLanguage":"es","@id":"https:\/\/tandemsd.com\/es\/#\/schema\/logo\/image\/","url":"https:\/\/tandemsd.com\/wp-content\/uploads\/tandem.png","contentUrl":"https:\/\/tandemsd.com\/wp-content\/uploads\/tandem.png","width":1190,"height":294,"caption":"Tandem"},"image":{"@id":"https:\/\/tandemsd.com\/es\/#\/schema\/logo\/image\/"},"sameAs":["https:\/\/x.com\/TandemSD","https:\/\/www.linkedin.com\/company\/tandemsd\/"]},{"@type":"Person","@id":"https:\/\/tandemsd.com\/es\/#\/schema\/person\/5bab607b668cb51b679a549f344137ef","name":"adminflux","image":{"@type":"ImageObject","inLanguage":"es","@id":"https:\/\/tandemsd.com\/es\/#\/schema\/person\/image\/","url":"https:\/\/secure.gravatar.com\/avatar\/fe210c6390d40fad173c067dc11ab87e1ed642adef7d6ffb92faaf53fea926e6?s=96&d=mm&r=g","contentUrl":"https:\/\/secure.gravatar.com\/avatar\/fe210c6390d40fad173c067dc11ab87e1ed642adef7d6ffb92faaf53fea926e6?s=96&d=mm&r=g","caption":"adminflux"},"sameAs":["https:\/\/tandemsd.com"],"url":"https:\/\/tandemsd.com\/es\/author\/adminflux\/"}]}},"author_meta":{"display_name":"adminflux","author_link":"https:\/\/tandemsd.com\/es\/author\/adminflux\/"},"featured_img":"https:\/\/tandemsd.com\/wp-content\/uploads\/Agilidad-organizacional-la-habilidad-del-nuevo-CEO-1-300x182.jpg","uagb_featured_image_src":{"full":["https:\/\/tandemsd.com\/wp-content\/uploads\/Agilidad-organizacional-la-habilidad-del-nuevo-CEO-1.jpg",1198,726,false],"thumbnail":["https:\/\/tandemsd.com\/wp-content\/uploads\/Agilidad-organizacional-la-habilidad-del-nuevo-CEO-1-150x150.jpg",150,150,true],"medium":["https:\/\/tandemsd.com\/wp-content\/uploads\/Agilidad-organizacional-la-habilidad-del-nuevo-CEO-1-300x182.jpg",300,182,true],"medium_large":["https:\/\/tandemsd.com\/wp-content\/uploads\/Agilidad-organizacional-la-habilidad-del-nuevo-CEO-1-768x465.jpg",768,465,true],"large":["https:\/\/tandemsd.com\/wp-content\/uploads\/Agilidad-organizacional-la-habilidad-del-nuevo-CEO-1-1024x621.jpg",1024,621,true],"1536x1536":["https:\/\/tandemsd.com\/wp-content\/uploads\/Agilidad-organizacional-la-habilidad-del-nuevo-CEO-1.jpg",1198,726,false],"2048x2048":["https:\/\/tandemsd.com\/wp-content\/uploads\/Agilidad-organizacional-la-habilidad-del-nuevo-CEO-1.jpg",1198,726,false],"mailpoet_newsletter_max":["https:\/\/tandemsd.com\/wp-content\/uploads\/Agilidad-organizacional-la-habilidad-del-nuevo-CEO-1.jpg",1198,726,false]},"uagb_author_info":{"display_name":"adminflux","author_link":"https:\/\/tandemsd.com\/es\/author\/adminflux\/"},"uagb_comment_info":0,"uagb_excerpt":"Transcripci\u00f3n del art\u00edculo publicado en el Diario Expansi\u00f3n Ver nota completa en el medio: https:\/\/bit.ly\/3jLMhf2","coauthors":[],"tax_additional":{"categories":{"linked":["<a href=\"https:\/\/tandemsd.com\/es\/category\/insights-es\/\" class=\"advgb-post-tax-term\">Insights<\/a>","<a href=\"https:\/\/tandemsd.com\/es\/category\/insights-es\/prensa\/\" class=\"advgb-post-tax-term\">Prensa<\/a>"],"unlinked":["<span class=\"advgb-post-tax-term\">Insights<\/span>","<span class=\"advgb-post-tax-term\">Prensa<\/span>"]},"tags":{"linked":["<a href=\"https:\/\/tandemsd.com\/es\/category\/insights-es\/prensa\/\" class=\"advgb-post-tax-term\">Prensa<\/a>"],"unlinked":["<span class=\"advgb-post-tax-term\">Prensa<\/span>"]}},"comment_count":0,"relative_dates":{"created":"Publicado 4 a\u00f1os hace","modified":"Actualizado 3 a\u00f1os hace"},"absolute_dates":{"created":"Publicado el 9 septiembre, 2022","modified":"Actualizado el 27 octubre, 2023"},"absolute_dates_time":{"created":"Publicado el 9 septiembre, 2022 3:19 pm","modified":"Actualizado el 27 octubre, 2023 4:15 pm"},"featured_img_caption":"","series_order":"","_links":{"self":[{"href":"https:\/\/tandemsd.com\/es\/wp-json\/wp\/v2\/posts\/1442","targetHints":{"allow":["GET"]}}],"collection":[{"href":"https:\/\/tandemsd.com\/es\/wp-json\/wp\/v2\/posts"}],"about":[{"href":"https:\/\/tandemsd.com\/es\/wp-json\/wp\/v2\/types\/post"}],"author":[{"embeddable":true,"href":"https:\/\/tandemsd.com\/es\/wp-json\/wp\/v2\/users\/1"}],"replies":[{"embeddable":true,"href":"https:\/\/tandemsd.com\/es\/wp-json\/wp\/v2\/comments?post=1442"}],"version-history":[{"count":6,"href":"https:\/\/tandemsd.com\/es\/wp-json\/wp\/v2\/posts\/1442\/revisions"}],"predecessor-version":[{"id":4033,"href":"https:\/\/tandemsd.com\/es\/wp-json\/wp\/v2\/posts\/1442\/revisions\/4033"}],"wp:featuredmedia":[{"embeddable":true,"href":"https:\/\/tandemsd.com\/es\/wp-json\/wp\/v2\/media\/2947"}],"wp:attachment":[{"href":"https:\/\/tandemsd.com\/es\/wp-json\/wp\/v2\/media?parent=1442"}],"wp:term":[{"taxonomy":"category","embeddable":true,"href":"https:\/\/tandemsd.com\/es\/wp-json\/wp\/v2\/categories?post=1442"},{"taxonomy":"post_tag","embeddable":true,"href":"https:\/\/tandemsd.com\/es\/wp-json\/wp\/v2\/tags?post=1442"}],"curies":[{"name":"wp","href":"https:\/\/api.w.org\/{rel}","templated":true}]}}